{"id":1572,"date":"2023-05-29T21:05:40","date_gmt":"2023-05-29T19:05:40","guid":{"rendered":"https:\/\/uv03twbzltn.preview.infomaniak.website\/?p=1572"},"modified":"2024-11-28T10:58:54","modified_gmt":"2024-11-28T09:58:54","slug":"salvador-dali-a-surreal-life-painted-in-exquisite-detail","status":"publish","type":"post","link":"https:\/\/lumlux-art.com\/pt\/salvador-dali-a-surreal-life-painted-in-exquisite-detail\/","title":{"rendered":"Salvador Dal\u00ed \u2013 A Surreal Life Painted in Exquisite Detail"},"content":{"rendered":"<hr class=\"wp-block-separator has-alpha-channel-opacity\"\/>\n\n\n\n<nav aria-label=\"\u00cdndice\" class=\"wp-block-table-of-contents\"><ol><li><a class=\"wp-block-table-of-contents__entry\" href=\"https:\/\/uv03twbzltn.preview.infomaniak.website\/salvador-dali-a-surreal-life-painted-in-exquisite-detail\/#h-early-life\">Early Life<\/a><\/li><li><a class=\"wp-block-table-of-contents__entry\" href=\"https:\/\/uv03twbzltn.preview.infomaniak.website\/salvador-dali-a-surreal-life-painted-in-exquisite-detail\/#h-artistic-beginnings\">Artistic Beginnings<\/a><\/li><li><a class=\"wp-block-table-of-contents__entry\" href=\"https:\/\/uv03twbzltn.preview.infomaniak.website\/salvador-dali-a-surreal-life-painted-in-exquisite-detail\/#h-the-surrealist-movement\">The Surrealist Movement<\/a><\/li><li><a class=\"wp-block-table-of-contents__entry\" href=\"https:\/\/uv03twbzltn.preview.infomaniak.website\/salvador-dali-a-surreal-life-painted-in-exquisite-detail\/#h-dali-s-paranoiac-critical-method\">Dal\u00ed\u2019s Paranoiac-Critical Method<\/a><\/li><li><a class=\"wp-block-table-of-contents__entry\" href=\"https:\/\/uv03twbzltn.preview.infomaniak.website\/salvador-dali-a-surreal-life-painted-in-exquisite-detail\/#h-controversy-and-beyond-surrealism\">Controversy and Beyond Surrealism<\/a><\/li><li><a class=\"wp-block-table-of-contents__entry\" href=\"https:\/\/uv03twbzltn.preview.infomaniak.website\/salvador-dali-a-surreal-life-painted-in-exquisite-detail\/#h-dali-and-science\">Dal\u00ed and Science<\/a><\/li><li><a class=\"wp-block-table-of-contents__entry\" href=\"https:\/\/uv03twbzltn.preview.infomaniak.website\/salvador-dali-a-surreal-life-painted-in-exquisite-detail\/#h-later-life-and-legacy\">Later Life and Legacy<\/a><\/li><\/ol><\/nav>\n\n\n\n<hr class=\"wp-block-separator has-alpha-channel-opacity\"\/>\n\n\n\n<figure class=\"wp-block-image size-large\"><img loading=\"lazy\" decoding=\"async\" width=\"1024\" height=\"751\" src=\"https:\/\/uv03twbzltn.preview.infomaniak.website\/wp-content\/uploads\/2023\/06\/Schermafbeelding-2023-06-01-om-15.18.21-1024x751.png\" alt=\"\" class=\"wp-image-1630\" srcset=\"https:\/\/lumlux-art.com\/wp-content\/uploads\/2023\/06\/Schermafbeelding-2023-06-01-om-15.18.21-1024x751.png 1024w, https:\/\/lumlux-art.com\/wp-content\/uploads\/2023\/06\/Schermafbeelding-2023-06-01-om-15.18.21-300x220.png 300w, https:\/\/lumlux-art.com\/wp-content\/uploads\/2023\/06\/Schermafbeelding-2023-06-01-om-15.18.21-768x563.png 768w, https:\/\/lumlux-art.com\/wp-content\/uploads\/2023\/06\/Schermafbeelding-2023-06-01-om-15.18.21-1536x1127.png 1536w, https:\/\/lumlux-art.com\/wp-content\/uploads\/2023\/06\/Schermafbeelding-2023-06-01-om-15.18.21-16x12.png 16w, https:\/\/lumlux-art.com\/wp-content\/uploads\/2023\/06\/Schermafbeelding-2023-06-01-om-15.18.21-1200x880.png 1200w, https:\/\/lumlux-art.com\/wp-content\/uploads\/2023\/06\/Schermafbeelding-2023-06-01-om-15.18.21.png 1914w\" sizes=\"auto, (max-width: 1024px) 100vw, 1024px\" \/><\/figure>\n\n\n\n<hr class=\"wp-block-separator has-alpha-channel-opacity\"\/>\n\n\n\n<p class=\"wp-block-paragraph\">Salvador Dal\u00ed (1904-1989), one of the most intriguing figures in modern art history, was a pioneering force in the Surrealist movement of the early 20th century. His astonishingly imaginative work, peppered with flamboyant and often controversial personality traits, left an indelible impact on the world of art. Dal\u00ed\u2019s surrealistic interpretations, visual paradoxes, and precise draftsman skills have intrigued, perplexed, and sometimes disturbed audiences for decades, securing his place in the canon of art history.<\/p>\n\n\n\n<p class=\"wp-block-paragraph\">Dal\u00ed was a man of contradictions, his life a meandering journey through the realms of reality and imagination, which he skillfully blended in his work. This article delves into the life, art, and enduring influence of Salvador Dal\u00ed, a true master of the surreal.<\/p>\n\n\n\n<hr class=\"wp-block-separator has-alpha-channel-opacity\"\/>\n\n\n\n<h2 class=\"wp-block-heading\" id=\"h-early-life\"><strong>Early Life<\/strong><\/h2>\n\n\n\n<p class=\"wp-block-paragraph\">Born on May 11, 1904, in Figueres, Catalonia, Spain, Salvador Domingo Felipe Jacinto Dal\u00ed i Dom\u00e8nech was the son of Salvador Dal\u00ed Cus\u00ed, a middle-class lawyer and notary, and Felipa Domenech Ferr\u00e9s. Named Salvador in memory of his older brother who had died nine months before his birth, Dal\u00ed grew up in the shadow of this sibling he never knew. This early experience of death and replacement may have shaped his obsession with duality and paradox, themes that would later permeate his art.<\/p>\n\n\n\n<hr class=\"wp-block-separator has-alpha-channel-opacity\"\/>\n\n\n\n<h2 class=\"wp-block-heading\" id=\"h-artistic-beginnings\"><strong>Artistic Beginnings<\/strong><\/h2>\n\n\n\n<p class=\"wp-block-paragraph\">Dal\u00ed\u2019s artistic talent was evident from an early age. Encouraged by his mother, he began drawing lessons at the Municipal Drawing School in Figueres when he was ten. By the age of 14, he had his first public exhibition at the Municipal Theater in Figueres. His early work demonstrated his extraordinary ability to create meticulous, finely detailed works, often influenced by Impressionism and the Italian Renaissance.<\/p>\n\n\n\n<p class=\"wp-block-paragraph\">Dal\u00ed moved to Madrid in 1922 to study at the Real Academia de Bellas Artes de San Fernando. Here he came into contact with other aspiring artists, such as Luis Bu\u00f1uel and Federico Garc\u00eda Lorca, forming friendships that would significantly impact his personal and professional life.<\/p>\n\n\n\n<hr class=\"wp-block-separator has-alpha-channel-opacity\"\/>\n\n\n\n<h2 class=\"wp-block-heading\" id=\"h-the-surrealist-movement\"><strong>The Surrealist Movement<\/strong><\/h2>\n\n\n\n<p class=\"wp-block-paragraph\">In 1929, Dal\u00ed collaborated with Luis Bu\u00f1uel on the infamous short film, \u201cUn Chien Andalou\u201d. This marked his official entry into the surrealist movement. The same year, Dal\u00ed met his future wife and muse, Gala, whose image would appear in many of his works. The surrealist movement, characterized by an attempt to portray the workings of the subconscious mind, was a perfect fit for Dal\u00ed\u2019s idiosyncratic style and obsessions. His work, which embraced dreamlike, fantastical imagery and Freudian themes, rapidly evolved, and his fame began to grow.<\/p>\n\n\n\n<p class=\"wp-block-paragraph\">One of his most iconic works, \u201cThe Persistence of Memory\u201d (1931), featuring the surreal image of melting watches in a barren landscape, perfectly exemplifies this period. This painting is a seminal piece of the Surrealist movement and remains one of the most recognized artworks worldwide.<\/p>\n\n\n\n<hr class=\"wp-block-separator has-alpha-channel-opacity\"\/>\n\n\n\n<h2 class=\"wp-block-heading\" id=\"h-dali-s-paranoiac-critical-method\"><strong>Dal\u00ed\u2019s Paranoiac-Critical Method<\/strong><\/h2>\n\n\n\n<p class=\"wp-block-paragraph\">Dal\u00ed\u2019s creativity was not confined to conventional artistic forms. He invented a process he called the \u201cParanoiac-Critical method,\u201d a mental exercise of accessing the subconscious to enhance artistic creativity. Dal\u00ed would induce a paranoid state, encouraging irrationality and the manifestation of delusions and illusions. He then meticulously painted the images and scenarios that resulted from these episodes. This method allowed Dal\u00ed to explore the duality of reality and illusion, a recurring theme in his works.<\/p>\n\n\n\n<hr class=\"wp-block-separator has-alpha-channel-opacity\"\/>\n\n\n\n<h2 class=\"wp-block-heading\" id=\"h-controversy-and-beyond-surrealism\"><strong>Controversy and Beyond Surrealism<\/strong><\/h2>\n\n\n\n<p class=\"wp-block-paragraph\">Dal\u00ed\u2019s alignment with surrealism and his often outrageous public persona led to both fame and controversy. His support for Francisco Franco\u2019s fascist regime in Spain and his unconventional behavior eventually led to his expulsion from the Surrealist movement in 1934. Andr\u00e9 Breton, the founder of Surrealism, orchestrated the expulsion, accusing Dal\u00ed of supporting fascism, retreating from the Surrealist\u2019s ideological precepts, and commercializing his art. Dal\u00ed famously retorted that he himself was Surrealism, highlighting the profound influence he had on the movement.<\/p>\n\n\n\n<p class=\"wp-block-paragraph\">Despite his separation from the group, Dal\u00ed continued to develop his art, moving into what he referred to as his \u201cclassic\u201d period from around 1940 to 1950. During this phase, he combined his signature surrealist motifs with themes from science, history, and religion. One example is his \u201cMadonna of Port Lligat\u201d (1949) which uses a nuclear mysticism motif inspired by his interest in the atomic age.<\/p>\n\n\n\n<hr class=\"wp-block-separator has-alpha-channel-opacity\"\/>\n\n\n\n<h2 class=\"wp-block-heading\" id=\"h-dali-and-science\"><strong>Dal\u00ed and Science<\/strong><\/h2>\n\n\n\n<p class=\"wp-block-paragraph\">In the mid-20th century, Dal\u00ed began to explore scientific themes in his art. He was fascinated by developments in quantum physics, nuclear science, and genetics, using these concepts as metaphors in his work. He spoke of his \u201cnuclear mysticism\u201d, blending Catholic iconography with images of atomic particles. His masterpiece \u201cThe Sacrament of the Last Supper\u201d (1955), housed in the National Gallery of Art in Washington D.C., is one such example, combining religious themes with nuclear imagery.<\/p>\n\n\n\n<p class=\"wp-block-paragraph\">The influence of scientific themes is also evident in \u201cGalatea of the Spheres\u201d (1952), where Dal\u00ed depicts his wife Gala as a constellation of atomic particles, echoing the idea of atomic composition and disintegration. These explorations showcase Dal\u00ed\u2019s ability to move beyond the purely visual and explore abstract ideas, melding art and science in his inimitable style.<\/p>\n\n\n\n<hr class=\"wp-block-separator has-alpha-channel-opacity\"\/>\n\n\n\n<h2 class=\"wp-block-heading\" id=\"h-later-life-and-legacy\"><strong>Later Life and Legacy<\/strong><\/h2>\n\n\n\n<p class=\"wp-block-paragraph\">In the latter part of his career, Dal\u00ed moved beyond painting, becoming involved in an array of creative projects. He ventured into sculpture, film, photography, theatre, fashion, and more. He even dabbled in advertising, creating memorable advertisements for various companies.<\/p>\n\n\n\n<p class=\"wp-block-paragraph\">In his later years, Dal\u00ed\u2019s health began to decline. After Gala\u2019s death in 1982, he withdrew from public life, his physical and mental health deteriorating. On January 23, 1989, Dal\u00ed passed away from heart failure at his beloved museum in Figueres.<\/p>\n\n\n\n<p class=\"wp-block-paragraph\">The legacy Salvador Dal\u00ed left behind is monumental. His creative genius transformed the artistic landscape of the 20th century. His inventiveness, idiosyncrasy, and engagement with a variety of media make him a quintessential figure in modern art. Dal\u00ed\u2019s artwork is still celebrated and studied worldwide, his themes and motifs remain relevant, and his unique perspective continues to inspire countless artists.<\/p>\n\n\n\n<p class=\"wp-block-paragraph\">More than three decades after his death, Salvador Dal\u00ed\u2019s extraordinary life and work continue to fascinate us. From the strange landscapes filled with melting clocks to the meticulously detailed classical paintings, Dal\u00ed\u2019s art invites us to question reality and delve into the dreamlike recesses of our minds. It challenges us, engages us, and above all, reminds us of the boundless possibilities of human creativity.<\/p>\n\n\n\n<hr class=\"wp-block-separator has-alpha-channel-opacity\"\/>\n\n\n<div class=\"taxonomy-post_tag wp-block-post-terms\"><a href=\"https:\/\/lumlux-art.com\/pt\/tag\/art\/\" rel=\"tag\">Art<\/a><span class=\"wp-block-post-terms__separator\">, <\/span><a href=\"https:\/\/lumlux-art.com\/pt\/tag\/dali\/\" rel=\"tag\">Dali<\/a><span class=\"wp-block-post-terms__separator\">, <\/span><a href=\"https:\/\/lumlux-art.com\/pt\/tag\/exhibition\/\" rel=\"tag\">Exhibition<\/a><span class=\"wp-block-post-terms__separator\">, <\/span><a href=\"https:\/\/lumlux-art.com\/pt\/tag\/salvador-dali-2\/\" rel=\"tag\">Salvador Dal\u00ed<\/a><span class=\"wp-block-post-terms__separator\">, <\/span><a href=\"https:\/\/lumlux-art.com\/pt\/tag\/surrealism\/\" rel=\"tag\">Surrealism<\/a><\/div>\n\n\n<hr class=\"wp-block-separator has-alpha-channel-opacity\"\/>","protected":false},"excerpt":{"rendered":"<p>Salvador Dal\u00ed (1904-1989) was a key figure in the Surrealist movement, known for his imaginative and often controversial art that blends reality with fantasy. His life was marked by contradictions, and themes of duality influenced his works. Dal\u00ed&#8217;s technique, the &#8220;Paranoiac-Critical method,&#8221; allowed him to access his subconscious creatively. Despite leaving the Surrealist group due to controversy, he merged science with art in his later works. Dal\u00ed\u2019s legacy as a transformative modern artist continues to inspire and intrigue audiences today.<\/p>","protected":false},"author":233238846,"featured_media":1630,"comment_status":"open","ping_status":"open","sticky":false,"template":"","format":"standard","meta":{"_crdt_document":"","_kadence_starter_templates_imported_post":false,"_kad_post_transparent":"","_kad_post_title":"","_kad_post_layout":"","_kad_post_sidebar_id":"","_kad_post_content_style":"","_kad_post_vertical_padding":"","_kad_post_feature":"","_kad_post_feature_position":"","_kad_post_header":false,"_kad_post_footer":false,"_kad_post_classname":"","footnotes":""},"categories":[177],"tags":[761325964,761326875,15808,761326876,761326451],"class_list":["post-1572","post","type-post","status-publish","format-standard","has-post-thumbnail","hentry","category-art","tag-art","tag-dali","tag-exhibition","tag-salvador-dali-2","tag-surrealism"],"yoast_head":"<!-- This site is optimized with the Yoast SEO Premium plugin v27.5 (Yoast SEO v27.5) - https:\/\/yoast.com\/product\/yoast-seo-premium-wordpress\/ -->\n<title>Salvador Dal\u00ed - A Surreal Life Painted in Exquisite Detail - Lumlux Art<\/title>\n<meta name=\"robots\" content=\"index, follow, max-snippet:-1, max-image-preview:large, max-video-preview:-1\" \/>\n<link rel=\"canonical\" href=\"https:\/\/lumlux-art.com\/pt\/salvador-dali-a-surreal-life-painted-in-exquisite-detail\/\" \/>\n<meta property=\"og:locale\" content=\"pt_PT\" \/>\n<meta property=\"og:type\" content=\"article\" \/>\n<meta property=\"og:title\" content=\"Salvador Dal\u00ed - A Surreal Life Painted in Exquisite Detail\" \/>\n<meta property=\"og:description\" content=\"Salvador Dal\u00ed (1904-1989) was a key figure in the Surrealist movement, known for his imaginative and often controversial art that blends reality with fantasy. His life was marked by contradictions, and themes of duality influenced his works. Dal\u00ed&#039;s technique, the &quot;Paranoiac-Critical method,&quot; allowed him to access his subconscious creatively. Despite leaving the Surrealist group due to controversy, he merged science with art in his later works. Dal\u00ed\u2019s legacy as a transformative modern artist continues to inspire and intrigue audiences today.\" \/>\n<meta property=\"og:url\" content=\"https:\/\/lumlux-art.com\/pt\/salvador-dali-a-surreal-life-painted-in-exquisite-detail\/\" \/>\n<meta property=\"og:site_name\" content=\"Lumlux Art\" \/>\n<meta property=\"article:publisher\" content=\"https:\/\/www.facebook.com\/LumluxArt\" \/>\n<meta property=\"article:author\" content=\"https:\/\/www.facebook.com\/LumluxArt\" \/>\n<meta property=\"article:published_time\" content=\"2023-05-29T19:05:40+00:00\" \/>\n<meta property=\"article:modified_time\" content=\"2024-11-28T09:58:54+00:00\" \/>\n<meta property=\"og:image\" content=\"https:\/\/lumlux-art.com\/wp-content\/uploads\/2023\/06\/Schermafbeelding-2023-06-01-om-15.18.21-1024x751.png\" \/>\n\t<meta property=\"og:image:width\" content=\"1024\" \/>\n\t<meta property=\"og:image:height\" content=\"751\" \/>\n\t<meta property=\"og:image:type\" content=\"image\/png\" \/>\n<meta name=\"author\" content=\"lumluxart\" \/>\n<meta name=\"twitter:card\" content=\"summary_large_image\" \/>\n<meta name=\"twitter:label1\" content=\"Escrito por\" \/>\n\t<meta name=\"twitter:data1\" content=\"lumluxart\" \/>\n\t<meta name=\"twitter:label2\" content=\"Tempo estimado de leitura\" \/>\n\t<meta name=\"twitter:data2\" content=\"5 minutos\" \/>\n<script type=\"application\/ld+json\" class=\"yoast-schema-graph\">{\"@context\":\"https:\\\/\\\/schema.org\",\"@graph\":[{\"@type\":\"Article\",\"@id\":\"https:\\\/\\\/lumlux-art.com\\\/de\\\/salvador-dali-a-surreal-life-painted-in-exquisite-detail\\\/#article\",\"isPartOf\":{\"@id\":\"https:\\\/\\\/lumlux-art.com\\\/de\\\/salvador-dali-a-surreal-life-painted-in-exquisite-detail\\\/\"},\"author\":{\"name\":\"lumluxart\",\"@id\":\"https:\\\/\\\/lumlux-art.com\\\/es\\\/#\\\/schema\\\/person\\\/270de42f2a17ed219c8041ad0b6f2f1e\"},\"headline\":\"Salvador Dal\u00ed &#8211; A Surreal Life Painted in Exquisite Detail\",\"datePublished\":\"2023-05-29T19:05:40+00:00\",\"dateModified\":\"2024-11-28T09:58:54+00:00\",\"mainEntityOfPage\":{\"@id\":\"https:\\\/\\\/lumlux-art.com\\\/de\\\/salvador-dali-a-surreal-life-painted-in-exquisite-detail\\\/\"},\"wordCount\":1064,\"commentCount\":1,\"publisher\":{\"@id\":\"https:\\\/\\\/lumlux-art.com\\\/es\\\/#\\\/schema\\\/person\\\/270de42f2a17ed219c8041ad0b6f2f1e\"},\"image\":{\"@id\":\"https:\\\/\\\/lumlux-art.com\\\/de\\\/salvador-dali-a-surreal-life-painted-in-exquisite-detail\\\/#primaryimage\"},\"thumbnailUrl\":\"https:\\\/\\\/lumlux-art.com\\\/wp-content\\\/uploads\\\/2023\\\/06\\\/Schermafbeelding-2023-06-01-om-15.18.21.png\",\"keywords\":[\"Art\",\"Dali\",\"Exhibition\",\"Salvador Dal\u00ed\",\"Surrealism\"],\"articleSection\":[\"Art\"],\"inLanguage\":\"pt-PT\",\"potentialAction\":[{\"@type\":\"CommentAction\",\"name\":\"Comment\",\"target\":[\"https:\\\/\\\/lumlux-art.com\\\/de\\\/salvador-dali-a-surreal-life-painted-in-exquisite-detail\\\/#respond\"]}]},{\"@type\":\"WebPage\",\"@id\":\"https:\\\/\\\/lumlux-art.com\\\/de\\\/salvador-dali-a-surreal-life-painted-in-exquisite-detail\\\/\",\"url\":\"https:\\\/\\\/lumlux-art.com\\\/de\\\/salvador-dali-a-surreal-life-painted-in-exquisite-detail\\\/\",\"name\":\"Salvador Dal\u00ed - A Surreal Life Painted in Exquisite Detail - Lumlux Art\",\"isPartOf\":{\"@id\":\"https:\\\/\\\/lumlux-art.com\\\/es\\\/#website\"},\"primaryImageOfPage\":{\"@id\":\"https:\\\/\\\/lumlux-art.com\\\/de\\\/salvador-dali-a-surreal-life-painted-in-exquisite-detail\\\/#primaryimage\"},\"image\":{\"@id\":\"https:\\\/\\\/lumlux-art.com\\\/de\\\/salvador-dali-a-surreal-life-painted-in-exquisite-detail\\\/#primaryimage\"},\"thumbnailUrl\":\"https:\\\/\\\/lumlux-art.com\\\/wp-content\\\/uploads\\\/2023\\\/06\\\/Schermafbeelding-2023-06-01-om-15.18.21.png\",\"datePublished\":\"2023-05-29T19:05:40+00:00\",\"dateModified\":\"2024-11-28T09:58:54+00:00\",\"breadcrumb\":{\"@id\":\"https:\\\/\\\/lumlux-art.com\\\/de\\\/salvador-dali-a-surreal-life-painted-in-exquisite-detail\\\/#breadcrumb\"},\"inLanguage\":\"pt-PT\",\"potentialAction\":[{\"@type\":\"ReadAction\",\"target\":[\"https:\\\/\\\/lumlux-art.com\\\/de\\\/salvador-dali-a-surreal-life-painted-in-exquisite-detail\\\/\"]}]},{\"@type\":\"ImageObject\",\"inLanguage\":\"pt-PT\",\"@id\":\"https:\\\/\\\/lumlux-art.com\\\/de\\\/salvador-dali-a-surreal-life-painted-in-exquisite-detail\\\/#primaryimage\",\"url\":\"https:\\\/\\\/lumlux-art.com\\\/wp-content\\\/uploads\\\/2023\\\/06\\\/Schermafbeelding-2023-06-01-om-15.18.21.png\",\"contentUrl\":\"https:\\\/\\\/lumlux-art.com\\\/wp-content\\\/uploads\\\/2023\\\/06\\\/Schermafbeelding-2023-06-01-om-15.18.21.png\",\"width\":1914,\"height\":1404},{\"@type\":\"BreadcrumbList\",\"@id\":\"https:\\\/\\\/lumlux-art.com\\\/de\\\/salvador-dali-a-surreal-life-painted-in-exquisite-detail\\\/#breadcrumb\",\"itemListElement\":[{\"@type\":\"ListItem\",\"position\":1,\"name\":\"Home\",\"item\":\"https:\\\/\\\/lumlux-art.com\\\/es\\\/\"},{\"@type\":\"ListItem\",\"position\":2,\"name\":\"Salvador Dal\u00ed &#8211; A Surreal Life Painted in Exquisite Detail\"}]},{\"@type\":\"WebSite\",\"@id\":\"https:\\\/\\\/lumlux-art.com\\\/es\\\/#website\",\"url\":\"https:\\\/\\\/lumlux-art.com\\\/es\\\/\",\"name\":\"Lumlux-Art\",\"description\":\"Where sound and form come together\",\"publisher\":{\"@id\":\"https:\\\/\\\/lumlux-art.com\\\/es\\\/#\\\/schema\\\/person\\\/270de42f2a17ed219c8041ad0b6f2f1e\"},\"potentialAction\":[{\"@type\":\"SearchAction\",\"target\":{\"@type\":\"EntryPoint\",\"urlTemplate\":\"https:\\\/\\\/lumlux-art.com\\\/es\\\/?s={search_term_string}\"},\"query-input\":{\"@type\":\"PropertyValueSpecification\",\"valueRequired\":true,\"valueName\":\"search_term_string\"}}],\"inLanguage\":\"pt-PT\"},{\"@type\":[\"Person\",\"Organization\"],\"@id\":\"https:\\\/\\\/lumlux-art.com\\\/es\\\/#\\\/schema\\\/person\\\/270de42f2a17ed219c8041ad0b6f2f1e\",\"name\":\"lumluxart\",\"image\":{\"@type\":\"ImageObject\",\"inLanguage\":\"pt-PT\",\"@id\":\"https:\\\/\\\/lumlux-art.com\\\/wp-content\\\/uploads\\\/2023\\\/06\\\/apple-touch-icon-144x144-1.png\",\"url\":\"https:\\\/\\\/lumlux-art.com\\\/wp-content\\\/uploads\\\/2023\\\/06\\\/apple-touch-icon-144x144-1.png\",\"contentUrl\":\"https:\\\/\\\/lumlux-art.com\\\/wp-content\\\/uploads\\\/2023\\\/06\\\/apple-touch-icon-144x144-1.png\",\"width\":144,\"height\":144,\"caption\":\"lumluxart\"},\"logo\":{\"@id\":\"https:\\\/\\\/lumlux-art.com\\\/wp-content\\\/uploads\\\/2023\\\/06\\\/apple-touch-icon-144x144-1.png\"},\"sameAs\":[\"https:\\\/\\\/uv03twbzltn.preview.infomaniak.website\",\"https:\\\/\\\/www.facebook.com\\\/LumluxArt\",\"https:\\\/\\\/www.instagram.com\\\/lumluxarts\\\/\",\"https:\\\/\\\/www.linkedin.com\\\/in\\\/frank-de-rop-8a7b3718\\\/\",\"https:\\\/\\\/www.youtube.com\\\/@fdr-sound\",\"https:\\\/\\\/soundcloud.com\\\/fdr-sound\"],\"url\":\"https:\\\/\\\/lumlux-art.com\\\/pt\\\/author\\\/lumluxart\\\/\"}]}<\/script>\n<!-- \/ Yoast SEO Premium plugin. -->","yoast_head_json":{"title":"Salvador Dal\u00ed - A Surreal Life Painted in Exquisite Detail - Lumlux Art","robots":{"index":"index","follow":"follow","max-snippet":"max-snippet:-1","max-image-preview":"max-image-preview:large","max-video-preview":"max-video-preview:-1"},"canonical":"https:\/\/lumlux-art.com\/pt\/salvador-dali-a-surreal-life-painted-in-exquisite-detail\/","og_locale":"pt_PT","og_type":"article","og_title":"Salvador Dal\u00ed - A Surreal Life Painted in Exquisite Detail","og_description":"Salvador Dal\u00ed (1904-1989) was a key figure in the Surrealist movement, known for his imaginative and often controversial art that blends reality with fantasy. His life was marked by contradictions, and themes of duality influenced his works. Dal\u00ed's technique, the \"Paranoiac-Critical method,\" allowed him to access his subconscious creatively. Despite leaving the Surrealist group due to controversy, he merged science with art in his later works. Dal\u00ed\u2019s legacy as a transformative modern artist continues to inspire and intrigue audiences today.","og_url":"https:\/\/lumlux-art.com\/pt\/salvador-dali-a-surreal-life-painted-in-exquisite-detail\/","og_site_name":"Lumlux Art","article_publisher":"https:\/\/www.facebook.com\/LumluxArt","article_author":"https:\/\/www.facebook.com\/LumluxArt","article_published_time":"2023-05-29T19:05:40+00:00","article_modified_time":"2024-11-28T09:58:54+00:00","og_image":[{"width":1024,"height":751,"url":"https:\/\/lumlux-art.com\/wp-content\/uploads\/2023\/06\/Schermafbeelding-2023-06-01-om-15.18.21-1024x751.png","type":"image\/png"}],"author":"lumluxart","twitter_card":"summary_large_image","twitter_misc":{"Escrito por":"lumluxart","Tempo estimado de leitura":"5 minutos"},"schema":{"@context":"https:\/\/schema.org","@graph":[{"@type":"Article","@id":"https:\/\/lumlux-art.com\/de\/salvador-dali-a-surreal-life-painted-in-exquisite-detail\/#article","isPartOf":{"@id":"https:\/\/lumlux-art.com\/de\/salvador-dali-a-surreal-life-painted-in-exquisite-detail\/"},"author":{"name":"lumluxart","@id":"https:\/\/lumlux-art.com\/es\/#\/schema\/person\/270de42f2a17ed219c8041ad0b6f2f1e"},"headline":"Salvador Dal\u00ed &#8211; A Surreal Life Painted in Exquisite Detail","datePublished":"2023-05-29T19:05:40+00:00","dateModified":"2024-11-28T09:58:54+00:00","mainEntityOfPage":{"@id":"https:\/\/lumlux-art.com\/de\/salvador-dali-a-surreal-life-painted-in-exquisite-detail\/"},"wordCount":1064,"commentCount":1,"publisher":{"@id":"https:\/\/lumlux-art.com\/es\/#\/schema\/person\/270de42f2a17ed219c8041ad0b6f2f1e"},"image":{"@id":"https:\/\/lumlux-art.com\/de\/salvador-dali-a-surreal-life-painted-in-exquisite-detail\/#primaryimage"},"thumbnailUrl":"https:\/\/lumlux-art.com\/wp-content\/uploads\/2023\/06\/Schermafbeelding-2023-06-01-om-15.18.21.png","keywords":["Art","Dali","Exhibition","Salvador Dal\u00ed","Surrealism"],"articleSection":["Art"],"inLanguage":"pt-PT","potentialAction":[{"@type":"CommentAction","name":"Comment","target":["https:\/\/lumlux-art.com\/de\/salvador-dali-a-surreal-life-painted-in-exquisite-detail\/#respond"]}]},{"@type":"WebPage","@id":"https:\/\/lumlux-art.com\/de\/salvador-dali-a-surreal-life-painted-in-exquisite-detail\/","url":"https:\/\/lumlux-art.com\/de\/salvador-dali-a-surreal-life-painted-in-exquisite-detail\/","name":"Salvador Dal\u00ed - A Surreal Life Painted in Exquisite Detail - Lumlux Art","isPartOf":{"@id":"https:\/\/lumlux-art.com\/es\/#website"},"primaryImageOfPage":{"@id":"https:\/\/lumlux-art.com\/de\/salvador-dali-a-surreal-life-painted-in-exquisite-detail\/#primaryimage"},"image":{"@id":"https:\/\/lumlux-art.com\/de\/salvador-dali-a-surreal-life-painted-in-exquisite-detail\/#primaryimage"},"thumbnailUrl":"https:\/\/lumlux-art.com\/wp-content\/uploads\/2023\/06\/Schermafbeelding-2023-06-01-om-15.18.21.png","datePublished":"2023-05-29T19:05:40+00:00","dateModified":"2024-11-28T09:58:54+00:00","breadcrumb":{"@id":"https:\/\/lumlux-art.com\/de\/salvador-dali-a-surreal-life-painted-in-exquisite-detail\/#breadcrumb"},"inLanguage":"pt-PT","potentialAction":[{"@type":"ReadAction","target":["https:\/\/lumlux-art.com\/de\/salvador-dali-a-surreal-life-painted-in-exquisite-detail\/"]}]},{"@type":"ImageObject","inLanguage":"pt-PT","@id":"https:\/\/lumlux-art.com\/de\/salvador-dali-a-surreal-life-painted-in-exquisite-detail\/#primaryimage","url":"https:\/\/lumlux-art.com\/wp-content\/uploads\/2023\/06\/Schermafbeelding-2023-06-01-om-15.18.21.png","contentUrl":"https:\/\/lumlux-art.com\/wp-content\/uploads\/2023\/06\/Schermafbeelding-2023-06-01-om-15.18.21.png","width":1914,"height":1404},{"@type":"BreadcrumbList","@id":"https:\/\/lumlux-art.com\/de\/salvador-dali-a-surreal-life-painted-in-exquisite-detail\/#breadcrumb","itemListElement":[{"@type":"ListItem","position":1,"name":"Home","item":"https:\/\/lumlux-art.com\/es\/"},{"@type":"ListItem","position":2,"name":"Salvador Dal\u00ed &#8211; A Surreal Life Painted in Exquisite Detail"}]},{"@type":"WebSite","@id":"https:\/\/lumlux-art.com\/es\/#website","url":"https:\/\/lumlux-art.com\/es\/","name":"Lumlux-Art","description":"Onde som e forma se unem","publisher":{"@id":"https:\/\/lumlux-art.com\/es\/#\/schema\/person\/270de42f2a17ed219c8041ad0b6f2f1e"},"potentialAction":[{"@type":"SearchAction","target":{"@type":"EntryPoint","urlTemplate":"https:\/\/lumlux-art.com\/es\/?s={search_term_string}"},"query-input":{"@type":"PropertyValueSpecification","valueRequired":true,"valueName":"search_term_string"}}],"inLanguage":"pt-PT"},{"@type":["Person","Organization"],"@id":"https:\/\/lumlux-art.com\/es\/#\/schema\/person\/270de42f2a17ed219c8041ad0b6f2f1e","name":"lumluxart","image":{"@type":"ImageObject","inLanguage":"pt-PT","@id":"https:\/\/lumlux-art.com\/wp-content\/uploads\/2023\/06\/apple-touch-icon-144x144-1.png","url":"https:\/\/lumlux-art.com\/wp-content\/uploads\/2023\/06\/apple-touch-icon-144x144-1.png","contentUrl":"https:\/\/lumlux-art.com\/wp-content\/uploads\/2023\/06\/apple-touch-icon-144x144-1.png","width":144,"height":144,"caption":"lumluxart"},"logo":{"@id":"https:\/\/lumlux-art.com\/wp-content\/uploads\/2023\/06\/apple-touch-icon-144x144-1.png"},"sameAs":["https:\/\/uv03twbzltn.preview.infomaniak.website","https:\/\/www.facebook.com\/LumluxArt","https:\/\/www.instagram.com\/lumluxarts\/","https:\/\/www.linkedin.com\/in\/frank-de-rop-8a7b3718\/","https:\/\/www.youtube.com\/@fdr-sound","https:\/\/soundcloud.com\/fdr-sound"],"url":"https:\/\/lumlux-art.com\/pt\/author\/lumluxart\/"}]}},"_links":{"self":[{"href":"https:\/\/lumlux-art.com\/pt\/wp-json\/wp\/v2\/posts\/1572","targetHints":{"allow":["GET"]}}],"collection":[{"href":"https:\/\/lumlux-art.com\/pt\/wp-json\/wp\/v2\/posts"}],"about":[{"href":"https:\/\/lumlux-art.com\/pt\/wp-json\/wp\/v2\/types\/post"}],"author":[{"embeddable":true,"href":"https:\/\/lumlux-art.com\/pt\/wp-json\/wp\/v2\/users\/233238846"}],"replies":[{"embeddable":true,"href":"https:\/\/lumlux-art.com\/pt\/wp-json\/wp\/v2\/comments?post=1572"}],"version-history":[{"count":8,"href":"https:\/\/lumlux-art.com\/pt\/wp-json\/wp\/v2\/posts\/1572\/revisions"}],"predecessor-version":[{"id":7950,"href":"https:\/\/lumlux-art.com\/pt\/wp-json\/wp\/v2\/posts\/1572\/revisions\/7950"}],"wp:featuredmedia":[{"embeddable":true,"href":"https:\/\/lumlux-art.com\/pt\/wp-json\/wp\/v2\/media\/1630"}],"wp:attachment":[{"href":"https:\/\/lumlux-art.com\/pt\/wp-json\/wp\/v2\/media?parent=1572"}],"wp:term":[{"taxonomy":"category","embeddable":true,"href":"https:\/\/lumlux-art.com\/pt\/wp-json\/wp\/v2\/categories?post=1572"},{"taxonomy":"post_tag","embeddable":true,"href":"https:\/\/lumlux-art.com\/pt\/wp-json\/wp\/v2\/tags?post=1572"}],"curies":[{"name":"wp","href":"https:\/\/api.w.org\/{rel}","templated":true}]}}