{"id":648,"date":"2023-04-07T08:58:56","date_gmt":"2023-04-07T06:58:56","guid":{"rendered":"https:\/\/uv03twbzltn.preview.infomaniak.website\/?p=648"},"modified":"2023-04-07T08:58:56","modified_gmt":"2023-04-07T06:58:56","slug":"dana-schutz","status":"publish","type":"post","link":"https:\/\/lumlux-art.com\/nl\/dana-schutz\/","title":{"rendered":"Dana Schutz"},"content":{"rendered":"<h2 class=\"wp-block-heading\">Embracing the Human Experience Through the Absurd and the Grotesque<\/h2>\n\n\n\n<p class=\"wp-block-paragraph\">Louisiana Museum of Modern Art in Humleb\u00e6k, Denmark, from February 9 to June 11, 2023<\/p>\n\n\n\n<figure class=\"wp-block-image size-large\"><img loading=\"lazy\" decoding=\"async\" width=\"1024\" height=\"721\" src=\"https:\/\/uv03twbzltn.preview.infomaniak.website\/wp-content\/uploads\/2023\/04\/Schermafbeelding-2023-04-07-om-08.54.18-1024x721.png\" alt=\"\" class=\"wp-image-650\" srcset=\"https:\/\/lumlux-art.com\/wp-content\/uploads\/2023\/04\/Schermafbeelding-2023-04-07-om-08.54.18-1024x721.png 1024w, https:\/\/lumlux-art.com\/wp-content\/uploads\/2023\/04\/Schermafbeelding-2023-04-07-om-08.54.18-300x211.png 300w, https:\/\/lumlux-art.com\/wp-content\/uploads\/2023\/04\/Schermafbeelding-2023-04-07-om-08.54.18-768x541.png 768w, https:\/\/lumlux-art.com\/wp-content\/uploads\/2023\/04\/Schermafbeelding-2023-04-07-om-08.54.18-1536x1081.png 1536w, https:\/\/lumlux-art.com\/wp-content\/uploads\/2023\/04\/Schermafbeelding-2023-04-07-om-08.54.18-2048x1442.png 2048w, https:\/\/lumlux-art.com\/wp-content\/uploads\/2023\/04\/Schermafbeelding-2023-04-07-om-08.54.18-18x12.png 18w, https:\/\/lumlux-art.com\/wp-content\/uploads\/2023\/04\/Schermafbeelding-2023-04-07-om-08.54.18-1200x845.png 1200w\" sizes=\"auto, (max-width: 1024px) 100vw, 1024px\" \/><figcaption class=\"wp-element-caption\">Dana Schutz<br>Presentation (Fremstilling), 2005<br>Olie p\u00e5 l\u00e6rred, 304,8 \u00d7 426,7 cm<br>Ovitz Family Collection, Fractional and Promised Gift to The Museum of Modern Art, New York<br>Courtesy kunstneren, CFA Berlin, David Zwirner og Thomas Dane Gallery<br>\u00a9 Dana Schutz<\/figcaption><\/figure>\n\n\n\n<p class=\"wp-block-paragraph\">Dana Schutz, born in 1976 in Michigan, is an acclaimed American artist who has been captivating audiences with her powerful and thought-provoking paintings for over two decades. Through her unique blend of the grotesque, absurd, and comical, Schutz explores the depths of human relationships and the complexities of our shared experiences. Her work, which is both disturbing and enthralling, evokes a range of emotions that leave viewers wanting to scream, laugh, and cry simultaneously.<\/p>\n\n\n\n<p class=\"wp-block-paragraph\">Narrative Power and Vigorous Sense of Colors<\/p>\n\n\n\n<p class=\"wp-block-paragraph\">Schutz\u2019s artistic prowess lies in her incredible narrative abilities and her innate sense of color. Her large-scale paintings often depict groups of people in dramatic situations, such as battling to reach the top of a mountain, struggling to survive on a boat in rough seas, or venturing out in a group with rafts in a desperate attempt to outpace the sun. These epic scenes, reminiscent of biblical tales, take on a contemporary mythology-like quality, highlighting the artist\u2019s ability to weave together narratives that resonate across time and cultures.<\/p>\n\n\n\n<p class=\"wp-block-paragraph\">Embracing the Classics and the Modern<\/p>\n\n\n\n<p class=\"wp-block-paragraph\">While Schutz\u2019s art is decidedly modern, she is well-versed in the traditions of history painting, drawing from her knowledge of the classics to inform her work. Her ability to integrate elements of historical masterpieces with her unique style is a testament to her artistic prowess, and the result is a compelling oeuvre that speaks to the human experience in ways both familiar and innovative.<\/p>\n\n\n\n<p class=\"wp-block-paragraph\">Compassion and Sensitivity<\/p>\n\n\n\n<p class=\"wp-block-paragraph\">Despite the seemingly gruesome and crass nature of Schutz\u2019s work, her deep compassion and sensitivity to society and the times in which we live are evident throughout her art. She skillfully balances the grotesque and absurd with an underlying sense of empathy, encouraging viewers to confront the darker aspects of our shared experience while also celebrating our resilience and interconnectedness.<\/p>\n\n\n\n<p class=\"wp-block-paragraph\">Exhibition Details<\/p>\n\n\n\n<p class=\"wp-block-paragraph\">Dana Schutz\u2019s work will be showcased in an exhibition at the Louisiana Museum of Modern Art in Humleb\u00e6k, Denmark, from February 9 to June 11, 2023. This exhibition presents a rare opportunity to witness Schutz\u2019s evocative large-scale paintings in person and to experience the full impact of her unique artistic vision.<\/p>\n\n\n\n<p class=\"wp-block-paragraph\">Dana Schutz has emerged as one of the foremost figurative painters of our time, masterfully blending the grotesque, absurd, and comic to create works that are both visually arresting and deeply thought-provoking. Her ability to navigate the complexities of human relationships and our shared experiences through her art demonstrates her unique talent and profound understanding of the human condition. As Schutz continues to create and share her work, she will undoubtedly remain an influential and important figure in contemporary art.<\/p>","protected":false},"excerpt":{"rendered":"<p>Embracing the Human Experience Through the Absurd and the Grotesque Louisiana Museum of Modern Art in Humleb\u00e6k, Denmark, from February 9 to June 11, 2023 Dana Schutz, born in 1976 in Michigan, is an acclaimed American artist who has been captivating audiences with her powerful and thought-provoking paintings for over two decades. Through her unique&#8230;<\/p>","protected":false},"author":233238846,"featured_media":652,"comment_status":"open","ping_status":"open","sticky":false,"template":"","format":"standard","meta":{"_crdt_document":"","_kadence_starter_templates_imported_post":false,"_kad_post_transparent":"","_kad_post_title":"","_kad_post_layout":"","_kad_post_sidebar_id":"","_kad_post_content_style":"","_kad_post_vertical_padding":"","_kad_post_feature":"","_kad_post_feature_position":"","_kad_post_header":false,"_kad_post_footer":false,"_kad_post_classname":"","footnotes":""},"categories":[177,761326166,200],"tags":[761325964,761326168,761326167,761326170,761326169,761325965],"class_list":["post-648","post","type-post","status-publish","format-standard","has-post-thumbnail","hentry","category-art","category-denmark","category-travel","tag-art","tag-dana-schutz","tag-denmark","tag-humlebaek","tag-louisiana-museum-of-modern-art","tag-travel"],"yoast_head":"<!-- This site is optimized with the Yoast SEO Premium plugin v27.5 (Yoast SEO v27.5) - https:\/\/yoast.com\/product\/yoast-seo-premium-wordpress\/ -->\n<title>Dana Schutz - Lumlux Art<\/title>\n<meta name=\"robots\" content=\"index, follow, max-snippet:-1, max-image-preview:large, max-video-preview:-1\" \/>\n<link rel=\"canonical\" href=\"http:\/\/lumlux-art.com\/nl\/dana-schutz\/\" \/>\n<meta property=\"og:locale\" content=\"nl_NL\" \/>\n<meta property=\"og:type\" content=\"article\" \/>\n<meta property=\"og:title\" content=\"Dana Schutz\" \/>\n<meta property=\"og:description\" content=\"Embracing the Human Experience Through the Absurd and the Grotesque Louisiana Museum of Modern Art in Humleb\u00e6k, Denmark, from February 9 to June 11, 2023 Dana Schutz, born in 1976 in Michigan, is an acclaimed American artist who has been captivating audiences with her powerful and thought-provoking paintings for over two decades. Through her unique...\" \/>\n<meta property=\"og:url\" content=\"http:\/\/lumlux-art.com\/nl\/dana-schutz\/\" \/>\n<meta property=\"og:site_name\" content=\"Lumlux Art\" \/>\n<meta property=\"article:publisher\" content=\"https:\/\/www.facebook.com\/LumluxArt\" \/>\n<meta property=\"article:author\" content=\"https:\/\/www.facebook.com\/LumluxArt\" \/>\n<meta property=\"article:published_time\" content=\"2023-04-07T06:58:56+00:00\" \/>\n<meta property=\"og:image\" content=\"http:\/\/lumlux-art.com\/wp-content\/uploads\/2023\/04\/Schermafbeelding-2023-04-07-om-08.58.02-1024x619.png\" \/>\n\t<meta property=\"og:image:width\" content=\"1024\" \/>\n\t<meta property=\"og:image:height\" content=\"619\" \/>\n\t<meta property=\"og:image:type\" content=\"image\/png\" \/>\n<meta name=\"author\" content=\"lumluxart\" \/>\n<meta name=\"twitter:card\" content=\"summary_large_image\" \/>\n<meta name=\"twitter:label1\" content=\"Geschreven door\" \/>\n\t<meta name=\"twitter:data1\" content=\"lumluxart\" \/>\n\t<meta name=\"twitter:label2\" content=\"Geschatte leestijd\" \/>\n\t<meta name=\"twitter:data2\" content=\"2 minuten\" \/>\n<script type=\"application\/ld+json\" class=\"yoast-schema-graph\">{\"@context\":\"https:\\\/\\\/schema.org\",\"@graph\":[{\"@type\":\"Article\",\"@id\":\"http:\\\/\\\/lumlux-art.com\\\/en\\\/dana-schutz\\\/#article\",\"isPartOf\":{\"@id\":\"http:\\\/\\\/lumlux-art.com\\\/en\\\/dana-schutz\\\/\"},\"author\":{\"name\":\"lumluxart\",\"@id\":\"https:\\\/\\\/lumlux-art.com\\\/es\\\/#\\\/schema\\\/person\\\/270de42f2a17ed219c8041ad0b6f2f1e\"},\"headline\":\"Dana Schutz\",\"datePublished\":\"2023-04-07T06:58:56+00:00\",\"mainEntityOfPage\":{\"@id\":\"http:\\\/\\\/lumlux-art.com\\\/en\\\/dana-schutz\\\/\"},\"wordCount\":496,\"commentCount\":0,\"publisher\":{\"@id\":\"https:\\\/\\\/lumlux-art.com\\\/es\\\/#\\\/schema\\\/person\\\/270de42f2a17ed219c8041ad0b6f2f1e\"},\"image\":{\"@id\":\"http:\\\/\\\/lumlux-art.com\\\/en\\\/dana-schutz\\\/#primaryimage\"},\"thumbnailUrl\":\"https:\\\/\\\/lumlux-art.com\\\/wp-content\\\/uploads\\\/2023\\\/04\\\/Schermafbeelding-2023-04-07-om-08.58.02-scaled.png\",\"keywords\":[\"Art\",\"Dana Schutz\",\"Denmark\",\"Humleb\u00e6k\",\"Louisiana Museum of Modern Art\",\"Travel\"],\"articleSection\":[\"Art\",\"Denmark\",\"Europe\"],\"inLanguage\":\"nl-NL\",\"potentialAction\":[{\"@type\":\"CommentAction\",\"name\":\"Comment\",\"target\":[\"http:\\\/\\\/lumlux-art.com\\\/en\\\/dana-schutz\\\/#respond\"]}]},{\"@type\":\"WebPage\",\"@id\":\"http:\\\/\\\/lumlux-art.com\\\/en\\\/dana-schutz\\\/\",\"url\":\"http:\\\/\\\/lumlux-art.com\\\/en\\\/dana-schutz\\\/\",\"name\":\"Dana Schutz - Lumlux Art\",\"isPartOf\":{\"@id\":\"https:\\\/\\\/lumlux-art.com\\\/es\\\/#website\"},\"primaryImageOfPage\":{\"@id\":\"http:\\\/\\\/lumlux-art.com\\\/en\\\/dana-schutz\\\/#primaryimage\"},\"image\":{\"@id\":\"http:\\\/\\\/lumlux-art.com\\\/en\\\/dana-schutz\\\/#primaryimage\"},\"thumbnailUrl\":\"https:\\\/\\\/lumlux-art.com\\\/wp-content\\\/uploads\\\/2023\\\/04\\\/Schermafbeelding-2023-04-07-om-08.58.02-scaled.png\",\"datePublished\":\"2023-04-07T06:58:56+00:00\",\"breadcrumb\":{\"@id\":\"http:\\\/\\\/lumlux-art.com\\\/en\\\/dana-schutz\\\/#breadcrumb\"},\"inLanguage\":\"nl-NL\",\"potentialAction\":[{\"@type\":\"ReadAction\",\"target\":[\"http:\\\/\\\/lumlux-art.com\\\/en\\\/dana-schutz\\\/\"]}]},{\"@type\":\"ImageObject\",\"inLanguage\":\"nl-NL\",\"@id\":\"http:\\\/\\\/lumlux-art.com\\\/en\\\/dana-schutz\\\/#primaryimage\",\"url\":\"https:\\\/\\\/lumlux-art.com\\\/wp-content\\\/uploads\\\/2023\\\/04\\\/Schermafbeelding-2023-04-07-om-08.58.02-scaled.png\",\"contentUrl\":\"https:\\\/\\\/lumlux-art.com\\\/wp-content\\\/uploads\\\/2023\\\/04\\\/Schermafbeelding-2023-04-07-om-08.58.02-scaled.png\",\"width\":2560,\"height\":1546},{\"@type\":\"BreadcrumbList\",\"@id\":\"http:\\\/\\\/lumlux-art.com\\\/en\\\/dana-schutz\\\/#breadcrumb\",\"itemListElement\":[{\"@type\":\"ListItem\",\"position\":1,\"name\":\"Home\",\"item\":\"https:\\\/\\\/lumlux-art.com\\\/es\\\/\"},{\"@type\":\"ListItem\",\"position\":2,\"name\":\"Dana Schutz\"}]},{\"@type\":\"WebSite\",\"@id\":\"https:\\\/\\\/lumlux-art.com\\\/es\\\/#website\",\"url\":\"https:\\\/\\\/lumlux-art.com\\\/es\\\/\",\"name\":\"Lumlux-Art\",\"description\":\"Where sound and form come together\",\"publisher\":{\"@id\":\"https:\\\/\\\/lumlux-art.com\\\/es\\\/#\\\/schema\\\/person\\\/270de42f2a17ed219c8041ad0b6f2f1e\"},\"potentialAction\":[{\"@type\":\"SearchAction\",\"target\":{\"@type\":\"EntryPoint\",\"urlTemplate\":\"https:\\\/\\\/lumlux-art.com\\\/es\\\/?s={search_term_string}\"},\"query-input\":{\"@type\":\"PropertyValueSpecification\",\"valueRequired\":true,\"valueName\":\"search_term_string\"}}],\"inLanguage\":\"nl-NL\"},{\"@type\":[\"Person\",\"Organization\"],\"@id\":\"https:\\\/\\\/lumlux-art.com\\\/es\\\/#\\\/schema\\\/person\\\/270de42f2a17ed219c8041ad0b6f2f1e\",\"name\":\"lumluxart\",\"image\":{\"@type\":\"ImageObject\",\"inLanguage\":\"nl-NL\",\"@id\":\"https:\\\/\\\/lumlux-art.com\\\/wp-content\\\/uploads\\\/2023\\\/06\\\/apple-touch-icon-144x144-1.png\",\"url\":\"https:\\\/\\\/lumlux-art.com\\\/wp-content\\\/uploads\\\/2023\\\/06\\\/apple-touch-icon-144x144-1.png\",\"contentUrl\":\"https:\\\/\\\/lumlux-art.com\\\/wp-content\\\/uploads\\\/2023\\\/06\\\/apple-touch-icon-144x144-1.png\",\"width\":144,\"height\":144,\"caption\":\"lumluxart\"},\"logo\":{\"@id\":\"https:\\\/\\\/lumlux-art.com\\\/wp-content\\\/uploads\\\/2023\\\/06\\\/apple-touch-icon-144x144-1.png\"},\"sameAs\":[\"https:\\\/\\\/uv03twbzltn.preview.infomaniak.website\",\"https:\\\/\\\/www.facebook.com\\\/LumluxArt\",\"https:\\\/\\\/www.instagram.com\\\/lumluxarts\\\/\",\"https:\\\/\\\/www.linkedin.com\\\/in\\\/frank-de-rop-8a7b3718\\\/\",\"https:\\\/\\\/www.youtube.com\\\/@fdr-sound\",\"https:\\\/\\\/soundcloud.com\\\/fdr-sound\"],\"url\":\"https:\\\/\\\/lumlux-art.com\\\/nl\\\/author\\\/lumluxart\\\/\"}]}<\/script>\n<!-- \/ Yoast SEO Premium plugin. -->","yoast_head_json":{"title":"Dana Schutz - Lumlux Art","robots":{"index":"index","follow":"follow","max-snippet":"max-snippet:-1","max-image-preview":"max-image-preview:large","max-video-preview":"max-video-preview:-1"},"canonical":"http:\/\/lumlux-art.com\/nl\/dana-schutz\/","og_locale":"nl_NL","og_type":"article","og_title":"Dana Schutz","og_description":"Embracing the Human Experience Through the Absurd and the Grotesque Louisiana Museum of Modern Art in Humleb\u00e6k, Denmark, from February 9 to June 11, 2023 Dana Schutz, born in 1976 in Michigan, is an acclaimed American artist who has been captivating audiences with her powerful and thought-provoking paintings for over two decades. Through her unique...","og_url":"http:\/\/lumlux-art.com\/nl\/dana-schutz\/","og_site_name":"Lumlux Art","article_publisher":"https:\/\/www.facebook.com\/LumluxArt","article_author":"https:\/\/www.facebook.com\/LumluxArt","article_published_time":"2023-04-07T06:58:56+00:00","og_image":[{"width":1024,"height":619,"url":"http:\/\/lumlux-art.com\/wp-content\/uploads\/2023\/04\/Schermafbeelding-2023-04-07-om-08.58.02-1024x619.png","type":"image\/png"}],"author":"lumluxart","twitter_card":"summary_large_image","twitter_misc":{"Geschreven door":"lumluxart","Geschatte leestijd":"2 minuten"},"schema":{"@context":"https:\/\/schema.org","@graph":[{"@type":"Article","@id":"http:\/\/lumlux-art.com\/en\/dana-schutz\/#article","isPartOf":{"@id":"http:\/\/lumlux-art.com\/en\/dana-schutz\/"},"author":{"name":"lumluxart","@id":"https:\/\/lumlux-art.com\/es\/#\/schema\/person\/270de42f2a17ed219c8041ad0b6f2f1e"},"headline":"Dana Schutz","datePublished":"2023-04-07T06:58:56+00:00","mainEntityOfPage":{"@id":"http:\/\/lumlux-art.com\/en\/dana-schutz\/"},"wordCount":496,"commentCount":0,"publisher":{"@id":"https:\/\/lumlux-art.com\/es\/#\/schema\/person\/270de42f2a17ed219c8041ad0b6f2f1e"},"image":{"@id":"http:\/\/lumlux-art.com\/en\/dana-schutz\/#primaryimage"},"thumbnailUrl":"https:\/\/lumlux-art.com\/wp-content\/uploads\/2023\/04\/Schermafbeelding-2023-04-07-om-08.58.02-scaled.png","keywords":["Art","Dana Schutz","Denmark","Humleb\u00e6k","Louisiana Museum of Modern Art","Travel"],"articleSection":["Art","Denmark","Europe"],"inLanguage":"nl-NL","potentialAction":[{"@type":"CommentAction","name":"Comment","target":["http:\/\/lumlux-art.com\/en\/dana-schutz\/#respond"]}]},{"@type":"WebPage","@id":"http:\/\/lumlux-art.com\/en\/dana-schutz\/","url":"http:\/\/lumlux-art.com\/en\/dana-schutz\/","name":"Dana Schutz - Lumlux Art","isPartOf":{"@id":"https:\/\/lumlux-art.com\/es\/#website"},"primaryImageOfPage":{"@id":"http:\/\/lumlux-art.com\/en\/dana-schutz\/#primaryimage"},"image":{"@id":"http:\/\/lumlux-art.com\/en\/dana-schutz\/#primaryimage"},"thumbnailUrl":"https:\/\/lumlux-art.com\/wp-content\/uploads\/2023\/04\/Schermafbeelding-2023-04-07-om-08.58.02-scaled.png","datePublished":"2023-04-07T06:58:56+00:00","breadcrumb":{"@id":"http:\/\/lumlux-art.com\/en\/dana-schutz\/#breadcrumb"},"inLanguage":"nl-NL","potentialAction":[{"@type":"ReadAction","target":["http:\/\/lumlux-art.com\/en\/dana-schutz\/"]}]},{"@type":"ImageObject","inLanguage":"nl-NL","@id":"http:\/\/lumlux-art.com\/en\/dana-schutz\/#primaryimage","url":"https:\/\/lumlux-art.com\/wp-content\/uploads\/2023\/04\/Schermafbeelding-2023-04-07-om-08.58.02-scaled.png","contentUrl":"https:\/\/lumlux-art.com\/wp-content\/uploads\/2023\/04\/Schermafbeelding-2023-04-07-om-08.58.02-scaled.png","width":2560,"height":1546},{"@type":"BreadcrumbList","@id":"http:\/\/lumlux-art.com\/en\/dana-schutz\/#breadcrumb","itemListElement":[{"@type":"ListItem","position":1,"name":"Home","item":"https:\/\/lumlux-art.com\/es\/"},{"@type":"ListItem","position":2,"name":"Dana Schutz"}]},{"@type":"WebSite","@id":"https:\/\/lumlux-art.com\/es\/#website","url":"https:\/\/lumlux-art.com\/es\/","name":"Lumlux-Art","description":"Waar klank en vorm samenkomen","publisher":{"@id":"https:\/\/lumlux-art.com\/es\/#\/schema\/person\/270de42f2a17ed219c8041ad0b6f2f1e"},"potentialAction":[{"@type":"SearchAction","target":{"@type":"EntryPoint","urlTemplate":"https:\/\/lumlux-art.com\/es\/?s={search_term_string}"},"query-input":{"@type":"PropertyValueSpecification","valueRequired":true,"valueName":"search_term_string"}}],"inLanguage":"nl-NL"},{"@type":["Person","Organization"],"@id":"https:\/\/lumlux-art.com\/es\/#\/schema\/person\/270de42f2a17ed219c8041ad0b6f2f1e","name":"lumluxart","image":{"@type":"ImageObject","inLanguage":"nl-NL","@id":"https:\/\/lumlux-art.com\/wp-content\/uploads\/2023\/06\/apple-touch-icon-144x144-1.png","url":"https:\/\/lumlux-art.com\/wp-content\/uploads\/2023\/06\/apple-touch-icon-144x144-1.png","contentUrl":"https:\/\/lumlux-art.com\/wp-content\/uploads\/2023\/06\/apple-touch-icon-144x144-1.png","width":144,"height":144,"caption":"lumluxart"},"logo":{"@id":"https:\/\/lumlux-art.com\/wp-content\/uploads\/2023\/06\/apple-touch-icon-144x144-1.png"},"sameAs":["https:\/\/uv03twbzltn.preview.infomaniak.website","https:\/\/www.facebook.com\/LumluxArt","https:\/\/www.instagram.com\/lumluxarts\/","https:\/\/www.linkedin.com\/in\/frank-de-rop-8a7b3718\/","https:\/\/www.youtube.com\/@fdr-sound","https:\/\/soundcloud.com\/fdr-sound"],"url":"https:\/\/lumlux-art.com\/nl\/author\/lumluxart\/"}]}},"_links":{"self":[{"href":"https:\/\/lumlux-art.com\/nl\/wp-json\/wp\/v2\/posts\/648","targetHints":{"allow":["GET"]}}],"collection":[{"href":"https:\/\/lumlux-art.com\/nl\/wp-json\/wp\/v2\/posts"}],"about":[{"href":"https:\/\/lumlux-art.com\/nl\/wp-json\/wp\/v2\/types\/post"}],"author":[{"embeddable":true,"href":"https:\/\/lumlux-art.com\/nl\/wp-json\/wp\/v2\/users\/233238846"}],"replies":[{"embeddable":true,"href":"https:\/\/lumlux-art.com\/nl\/wp-json\/wp\/v2\/comments?post=648"}],"version-history":[{"count":3,"href":"https:\/\/lumlux-art.com\/nl\/wp-json\/wp\/v2\/posts\/648\/revisions"}],"predecessor-version":[{"id":653,"href":"https:\/\/lumlux-art.com\/nl\/wp-json\/wp\/v2\/posts\/648\/revisions\/653"}],"wp:featuredmedia":[{"embeddable":true,"href":"https:\/\/lumlux-art.com\/nl\/wp-json\/wp\/v2\/media\/652"}],"wp:attachment":[{"href":"https:\/\/lumlux-art.com\/nl\/wp-json\/wp\/v2\/media?parent=648"}],"wp:term":[{"taxonomy":"category","embeddable":true,"href":"https:\/\/lumlux-art.com\/nl\/wp-json\/wp\/v2\/categories?post=648"},{"taxonomy":"post_tag","embeddable":true,"href":"https:\/\/lumlux-art.com\/nl\/wp-json\/wp\/v2\/tags?post=648"}],"curies":[{"name":"wp","href":"https:\/\/api.w.org\/{rel}","templated":true}]}}