{"id":5303,"date":"2024-08-01T16:34:44","date_gmt":"2024-08-01T14:34:44","guid":{"rendered":"https:\/\/uv03twbzltn.preview.infomaniak.website\/?p=5303"},"modified":"2024-10-28T08:25:02","modified_gmt":"2024-10-28T07:25:02","slug":"le-festin-des-dieux-by-jan-harmensz-van-bijlert","status":"publish","type":"post","link":"https:\/\/lumlux-art.com\/fr\/le-festin-des-dieux-by-jan-harmensz-van-bijlert\/","title":{"rendered":"Le Festin des Dieux by Jan Harmensz van Bijlert"},"content":{"rendered":"<p class=\"wp-block-paragraph\">(circa 1635)<\/p>\n\n\n\n<figure class=\"wp-block-image size-large\"><img loading=\"lazy\" decoding=\"async\" width=\"963\" height=\"1024\" src=\"https:\/\/uv03twbzltn.preview.infomaniak.website\/wp-content\/uploads\/2024\/08\/Scherm\u00adafbeelding-2024-08-01-om-16.28.41-963x1024.png\" alt=\"\" class=\"wp-image-5306\" srcset=\"https:\/\/lumlux-art.com\/wp-content\/uploads\/2024\/08\/Scherm\u00adafbeelding-2024-08-01-om-16.28.41-963x1024.png 963w, https:\/\/lumlux-art.com\/wp-content\/uploads\/2024\/08\/Scherm\u00adafbeelding-2024-08-01-om-16.28.41-282x300.png 282w, https:\/\/lumlux-art.com\/wp-content\/uploads\/2024\/08\/Scherm\u00adafbeelding-2024-08-01-om-16.28.41-768x816.png 768w\" sizes=\"auto, (max-width: 963px) 100vw, 963px\" \/><figcaption class=\"wp-element-caption\"><sup>Le Festin des Dieux (The Feast of the Gods)<\/sup><\/figcaption><\/figure>\n\n\n\n<nav aria-label=\"Table des mati\u00e8res\" class=\"wp-block-table-of-contents\"><ol><li><a class=\"wp-block-table-of-contents__entry\" href=\"https:\/\/uv03twbzltn.preview.infomaniak.website\/le-festin-des-dieux-by-jan-harmensz-van-bijlert\/#h-introduction\">Introduction<\/a><\/li><li><a class=\"wp-block-table-of-contents__entry\" href=\"https:\/\/uv03twbzltn.preview.infomaniak.website\/le-festin-des-dieux-by-jan-harmensz-van-bijlert\/#h-historical-and-cultural-context\">Historical and Cultural Context<\/a><\/li><li><a class=\"wp-block-table-of-contents__entry\" href=\"https:\/\/uv03twbzltn.preview.infomaniak.website\/le-festin-des-dieux-by-jan-harmensz-van-bijlert\/#h-composition-and-iconography\">Composition and Iconography<\/a><\/li><li><a class=\"wp-block-table-of-contents__entry\" href=\"https:\/\/uv03twbzltn.preview.infomaniak.website\/le-festin-des-dieux-by-jan-harmensz-van-bijlert\/#h-stylistic-influences\">Stylistic Influences<\/a><\/li><li><a class=\"wp-block-table-of-contents__entry\" href=\"https:\/\/uv03twbzltn.preview.infomaniak.website\/le-festin-des-dieux-by-jan-harmensz-van-bijlert\/#h-artistic-and-historical-significance\">Artistic and Historical Significance<\/a><\/li><li><a class=\"wp-block-table-of-contents__entry\" href=\"https:\/\/uv03twbzltn.preview.infomaniak.website\/le-festin-des-dieux-by-jan-harmensz-van-bijlert\/#h-exhibitions-and-references\">Exhibitions and References<\/a><\/li><li><a class=\"wp-block-table-of-contents__entry\" href=\"https:\/\/uv03twbzltn.preview.infomaniak.website\/le-festin-des-dieux-by-jan-harmensz-van-bijlert\/#h-further-reading-and-references\">Further Reading and References<\/a><\/li><\/ol><\/nav>\n\n\n\n<h3 class=\"wp-block-heading\" id=\"h-introduction\">Introduction<\/h3>\n\n\n\n<p class=\"wp-block-paragraph\">Jan Harmensz van Bijlert, a notable Dutch painter, created \u201cLe Festin des Dieux\u201d around 1635. This work, currently housed in the Mus\u00e9e Magnin in Dijon, France, showcases Bijlert\u2019s ability to blend classical mythology with the stylistic influences of his time. This essay explores the painting\u2019s context, composition, stylistic elements, and its impact on art history, supported by a thorough examination of relevant literature and exhibitions.<\/p>\n\n\n\n<figure class=\"wp-block-image size-large\"><img loading=\"lazy\" decoding=\"async\" width=\"709\" height=\"1024\" src=\"https:\/\/uv03twbzltn.preview.infomaniak.website\/wp-content\/uploads\/2024\/08\/Scherm\u00adafbeelding-2024-08-01-om-16.31.52-709x1024.png\" alt=\"\" class=\"wp-image-5307\" srcset=\"https:\/\/lumlux-art.com\/wp-content\/uploads\/2024\/08\/Scherm\u00adafbeelding-2024-08-01-om-16.31.52-709x1024.png 709w, https:\/\/lumlux-art.com\/wp-content\/uploads\/2024\/08\/Scherm\u00adafbeelding-2024-08-01-om-16.31.52-208x300.png 208w, https:\/\/lumlux-art.com\/wp-content\/uploads\/2024\/08\/Scherm\u00adafbeelding-2024-08-01-om-16.31.52-768x1109.png 768w, https:\/\/lumlux-art.com\/wp-content\/uploads\/2024\/08\/Scherm\u00adafbeelding-2024-08-01-om-16.31.52-8x12.png 8w, https:\/\/lumlux-art.com\/wp-content\/uploads\/2024\/08\/Scherm\u00adafbeelding-2024-08-01-om-16.31.52.png 852w\" sizes=\"auto, (max-width: 709px) 100vw, 709px\" \/><figcaption class=\"wp-element-caption\"><sup>Self-portrait dutch painter Jan Van Bijlert, engraving, published 1649.<\/sup><\/figcaption><\/figure>\n\n\n\n<h3 class=\"wp-block-heading\" id=\"h-historical-and-cultural-context\">Historical and Cultural Context<\/h3>\n\n\n\n<p class=\"wp-block-paragraph\">\u201cLe Festin des Dieux\u201d represents a banquet on Mount Olympus, celebrating the marriage of Thetis and Peleus, a popular subject in Netherlandish art of the time. The 17th century was a period of religious and cultural transformation in the Netherlands, influencing artists to explore mythological and secular themes over religious ones due to the Protestant Reformation. Bijlert\u2019s painting is a response to this shift, using mythological allegory to explore deeper themes of human behavior and divine interaction.<\/p>\n\n\n\n<h3 class=\"wp-block-heading\" id=\"h-composition-and-iconography\">Composition and Iconography<\/h3>\n\n\n\n<p class=\"wp-block-paragraph\">The painting features a multitude of gods and goddesses from Greco-Roman mythology. At the center, Apollo, identifiable by his lyre and crown, presides over the banquet. To the left are Minerva, Diana, Mars, and Venus, accompanied by Cupid. Behind them stands Flora, the goddess of spring. The right side of the composition includes Hercules with his club, Neptune with his trident, and Eris, holding the golden apple of discord. The painting\u2019s left part was cut off, leading to the absence of some gods, hinted at by the presence of Juno\u2019s peacock without Juno herself.<\/p>\n\n\n\n<h3 class=\"wp-block-heading\" id=\"h-stylistic-influences\">Stylistic Influences<\/h3>\n\n\n\n<p class=\"wp-block-paragraph\">Bijlert was significantly influenced by Caravaggio during his time in Rome, evident in the naturalism and dramatic use of light in \u201cLe Festin des Dieux.\u201d The satyr and Bacchus in the foreground display Caravaggisti characteristics with their realistic, close-up depiction and unorthodox poses. However, by the time Bijlert created this painting, he had shifted towards Classicism, reflected in the frieze-like composition and the use of daylight to enhance the painting\u2019s luminosity.<\/p>\n\n\n\n<h3 class=\"wp-block-heading\" id=\"h-artistic-and-historical-significance\">Artistic and Historical Significance<\/h3>\n\n\n\n<p class=\"wp-block-paragraph\">\u201cLe Festin des Dieux\u201d is an exemplary piece reflecting the transition from the Baroque style\u2019s dynamic realism to the more restrained and balanced Classicism. It holds a significant place in Dutch art history for its intricate portrayal of mythological subjects and its connection to broader European artistic trends. The painting gained contemporary attention during the 2024 Summer Olympics opening ceremony, where a performance inspired by Bijlert\u2019s work sparked discussions about its cultural references.<\/p>\n\n\n\n<h3 class=\"wp-block-heading\" id=\"h-exhibitions-and-references\">Exhibitions and References<\/h3>\n\n\n\n<p class=\"wp-block-paragraph\">The painting has been featured in various exhibitions, highlighting its artistic and historical value. The Mus\u00e9e Magnin regularly includes it in its guided tours and educational programs, emphasizing its importance in their collection. Additionally, it has been referenced in numerous scholarly articles and books focusing on Dutch Golden Age painting and mythological subjects in art.<\/p>\n\n\n\n<p class=\"wp-block-paragraph\">Jan Harmensz van Bijlert\u2019s \u201cLe Festin des Dieux\u201d is a masterpiece that encapsulates the rich interplay between mythology, artistic influence, and cultural context in 17th-century Dutch painting. Its detailed composition and stylistic nuances make it a valuable study for art historians and enthusiasts alike.<\/p>\n\n\n\n<h3 class=\"wp-block-heading\" id=\"h-further-reading-and-references\">Further Reading and References<\/h3>\n\n\n\n<ol class=\"wp-block-list\">\n<li><a href=\"https:\/\/en.wikipedia.org\/wiki\/Le_Festin_des_Dieux\">Wikipedia: Le Festin des Dieux<\/a><\/li>\n\n\n\n<li><a href=\"http:\/\/www.musee-magnin.fr\">Mus\u00e9e Magnin: Le Festin des Dieux<\/a><\/li>\n\n\n\n<li><a href=\"https:\/\/en.wikipedia.org\/wiki\/Jan_van_Bijlert\">Wikipedia: Jan van Bijlert<\/a><\/li>\n\n\n\n<li><a href=\"https:\/\/en.wikipedia.org\/wiki\/The_Feast_of_the_Gods\">The Feast of the Gods \u2013 Wikipedia<\/a><\/li>\n\n\n\n<li><a href=\"http:\/\/www.musee-magnin.fr\">Feast of the Gods | Mus\u00e9e Magnin<\/a><\/li>\n\n\n\n<li><a href=\"https:\/\/fr.wikipedia.org\/wiki\/Le_Festin_des_dieux_(Bijlert)\">Le Festin des dieux (Bijlert) \u2014 Wikip\u00e9dia<\/a><\/li>\n\n\n\n<li><a href=\"https:\/\/en.wikipedia.org\/wiki\/Feast_of_the_Gods_(art)\">Feast of the Gods (art) \u2013 Wikipedia<\/a><\/li>\n<\/ol>\n\n\n\n<p class=\"wp-block-paragraph\">These references provide comprehensive insights and detailed explorations of Bijlert\u2019s work and its place in art history.<\/p>","protected":false},"excerpt":{"rendered":"<p>(circa 1635) Introduction Jan Harmensz van Bijlert, a notable Dutch painter, created &#8220;Le Festin des Dieux&#8221; around 1635. This work, currently housed in the Mus\u00e9e Magnin in Dijon, France, showcases Bijlert&#8217;s ability to blend classical mythology with the stylistic influences of his time. This essay explores the painting&#8217;s context, composition, stylistic elements, and its impact&#8230;<\/p>","protected":false},"author":233238846,"featured_media":5306,"comment_status":"open","ping_status":"open","sticky":false,"template":"","format":"standard","meta":{"_crdt_document":"","_kadence_starter_templates_imported_post":false,"_kad_post_transparent":"","_kad_post_title":"","_kad_post_layout":"","_kad_post_sidebar_id":"","_kad_post_content_style":"","_kad_post_vertical_padding":"","_kad_post_feature":"","_kad_post_feature_position":"","_kad_post_header":false,"_kad_post_footer":false,"_kad_post_classname":"","footnotes":""},"categories":[177],"tags":[761325964,761326721,761326722],"class_list":["post-5303","post","type-post","status-publish","format-standard","has-post-thumbnail","hentry","category-art","tag-art","tag-le-festin-des-dieux","tag-the-feast-of-the-gods"],"yoast_head":"<!-- This site is optimized with the Yoast SEO Premium plugin v27.5 (Yoast SEO v27.5) - https:\/\/yoast.com\/product\/yoast-seo-premium-wordpress\/ -->\n<title>Le Festin des Dieux by Jan Harmensz van Bijlert - Lumlux Art<\/title>\n<meta name=\"description\" content=\"Discover the masterpiece &#039;Le Festin des Dieux&#039; by Jan Harmensz van Bijlert. Explore its context, composition, and impact on art history.\" \/>\n<meta name=\"robots\" content=\"index, follow, max-snippet:-1, max-image-preview:large, max-video-preview:-1\" \/>\n<link rel=\"canonical\" href=\"http:\/\/lumlux-art.com\/fr\/le-festin-des-dieux-by-jan-harmensz-van-bijlert\/\" \/>\n<meta property=\"og:locale\" content=\"fr_FR\" \/>\n<meta property=\"og:type\" content=\"article\" \/>\n<meta property=\"og:title\" content=\"Le Festin des Dieux by Jan Harmensz van Bijlert\" \/>\n<meta property=\"og:description\" content=\"Discover the masterpiece &#039;Le Festin des Dieux&#039; by Jan Harmensz van Bijlert. Explore its context, composition, and impact on art history.\" \/>\n<meta property=\"og:url\" content=\"http:\/\/lumlux-art.com\/fr\/le-festin-des-dieux-by-jan-harmensz-van-bijlert\/\" \/>\n<meta property=\"og:site_name\" content=\"Lumlux Art\" \/>\n<meta property=\"article:publisher\" content=\"https:\/\/www.facebook.com\/LumluxArt\" \/>\n<meta property=\"article:author\" content=\"https:\/\/www.facebook.com\/LumluxArt\" \/>\n<meta property=\"article:published_time\" content=\"2024-08-01T14:34:44+00:00\" \/>\n<meta property=\"article:modified_time\" content=\"2024-10-28T07:25:02+00:00\" \/>\n<meta property=\"og:image\" content=\"http:\/\/lumlux-art.com\/wp-content\/uploads\/2024\/08\/Scherm\u00adafbeelding-2024-08-01-om-16.28.41-963x1024.png\" \/>\n\t<meta property=\"og:image:width\" content=\"963\" \/>\n\t<meta property=\"og:image:height\" content=\"1024\" \/>\n\t<meta property=\"og:image:type\" content=\"image\/png\" \/>\n<meta name=\"author\" content=\"lumluxart\" \/>\n<meta name=\"twitter:card\" content=\"summary_large_image\" \/>\n<meta name=\"twitter:label1\" content=\"\u00c9crit par\" \/>\n\t<meta name=\"twitter:data1\" content=\"lumluxart\" \/>\n\t<meta name=\"twitter:label2\" content=\"Dur\u00e9e de lecture estim\u00e9e\" \/>\n\t<meta name=\"twitter:data2\" content=\"4 minutes\" \/>\n<script type=\"application\/ld+json\" class=\"yoast-schema-graph\">{\"@context\":\"https:\\\/\\\/schema.org\",\"@graph\":[{\"@type\":\"Article\",\"@id\":\"http:\\\/\\\/lumlux-art.com\\\/pt\\\/le-festin-des-dieux-by-jan-harmensz-van-bijlert\\\/#article\",\"isPartOf\":{\"@id\":\"http:\\\/\\\/lumlux-art.com\\\/pt\\\/le-festin-des-dieux-by-jan-harmensz-van-bijlert\\\/\"},\"author\":{\"name\":\"lumluxart\",\"@id\":\"https:\\\/\\\/lumlux-art.com\\\/es\\\/#\\\/schema\\\/person\\\/270de42f2a17ed219c8041ad0b6f2f1e\"},\"headline\":\"Le Festin des Dieux by Jan Harmensz van Bijlert\",\"datePublished\":\"2024-08-01T14:34:44+00:00\",\"dateModified\":\"2024-10-28T07:25:02+00:00\",\"mainEntityOfPage\":{\"@id\":\"http:\\\/\\\/lumlux-art.com\\\/pt\\\/le-festin-des-dieux-by-jan-harmensz-van-bijlert\\\/\"},\"wordCount\":619,\"commentCount\":0,\"publisher\":{\"@id\":\"https:\\\/\\\/lumlux-art.com\\\/es\\\/#\\\/schema\\\/person\\\/270de42f2a17ed219c8041ad0b6f2f1e\"},\"image\":{\"@id\":\"http:\\\/\\\/lumlux-art.com\\\/pt\\\/le-festin-des-dieux-by-jan-harmensz-van-bijlert\\\/#primaryimage\"},\"thumbnailUrl\":\"https:\\\/\\\/lumlux-art.com\\\/wp-content\\\/uploads\\\/2024\\\/08\\\/Scherm\u00adafbeelding-2024-08-01-om-16.28.41.png\",\"keywords\":[\"Art\",\"Le Festin des Dieux\",\"The Feast of the Gods\"],\"articleSection\":[\"Art\"],\"inLanguage\":\"fr-FR\",\"potentialAction\":[{\"@type\":\"CommentAction\",\"name\":\"Comment\",\"target\":[\"http:\\\/\\\/lumlux-art.com\\\/pt\\\/le-festin-des-dieux-by-jan-harmensz-van-bijlert\\\/#respond\"]}]},{\"@type\":\"WebPage\",\"@id\":\"http:\\\/\\\/lumlux-art.com\\\/pt\\\/le-festin-des-dieux-by-jan-harmensz-van-bijlert\\\/\",\"url\":\"http:\\\/\\\/lumlux-art.com\\\/pt\\\/le-festin-des-dieux-by-jan-harmensz-van-bijlert\\\/\",\"name\":\"Le Festin des Dieux by Jan Harmensz van Bijlert - Lumlux Art\",\"isPartOf\":{\"@id\":\"https:\\\/\\\/lumlux-art.com\\\/es\\\/#website\"},\"primaryImageOfPage\":{\"@id\":\"http:\\\/\\\/lumlux-art.com\\\/pt\\\/le-festin-des-dieux-by-jan-harmensz-van-bijlert\\\/#primaryimage\"},\"image\":{\"@id\":\"http:\\\/\\\/lumlux-art.com\\\/pt\\\/le-festin-des-dieux-by-jan-harmensz-van-bijlert\\\/#primaryimage\"},\"thumbnailUrl\":\"https:\\\/\\\/lumlux-art.com\\\/wp-content\\\/uploads\\\/2024\\\/08\\\/Scherm\u00adafbeelding-2024-08-01-om-16.28.41.png\",\"datePublished\":\"2024-08-01T14:34:44+00:00\",\"dateModified\":\"2024-10-28T07:25:02+00:00\",\"description\":\"Discover the masterpiece 'Le Festin des Dieux' by Jan Harmensz van Bijlert. Explore its context, composition, and impact on art history.\",\"breadcrumb\":{\"@id\":\"http:\\\/\\\/lumlux-art.com\\\/pt\\\/le-festin-des-dieux-by-jan-harmensz-van-bijlert\\\/#breadcrumb\"},\"inLanguage\":\"fr-FR\",\"potentialAction\":[{\"@type\":\"ReadAction\",\"target\":[\"http:\\\/\\\/lumlux-art.com\\\/pt\\\/le-festin-des-dieux-by-jan-harmensz-van-bijlert\\\/\"]}]},{\"@type\":\"ImageObject\",\"inLanguage\":\"fr-FR\",\"@id\":\"http:\\\/\\\/lumlux-art.com\\\/pt\\\/le-festin-des-dieux-by-jan-harmensz-van-bijlert\\\/#primaryimage\",\"url\":\"https:\\\/\\\/lumlux-art.com\\\/wp-content\\\/uploads\\\/2024\\\/08\\\/Scherm\u00adafbeelding-2024-08-01-om-16.28.41.png\",\"contentUrl\":\"https:\\\/\\\/lumlux-art.com\\\/wp-content\\\/uploads\\\/2024\\\/08\\\/Scherm\u00adafbeelding-2024-08-01-om-16.28.41.png\",\"width\":2092,\"height\":2224},{\"@type\":\"BreadcrumbList\",\"@id\":\"http:\\\/\\\/lumlux-art.com\\\/pt\\\/le-festin-des-dieux-by-jan-harmensz-van-bijlert\\\/#breadcrumb\",\"itemListElement\":[{\"@type\":\"ListItem\",\"position\":1,\"name\":\"Home\",\"item\":\"https:\\\/\\\/lumlux-art.com\\\/es\\\/\"},{\"@type\":\"ListItem\",\"position\":2,\"name\":\"Le Festin des Dieux by Jan Harmensz van Bijlert\"}]},{\"@type\":\"WebSite\",\"@id\":\"https:\\\/\\\/lumlux-art.com\\\/es\\\/#website\",\"url\":\"https:\\\/\\\/lumlux-art.com\\\/es\\\/\",\"name\":\"Lumlux-Art\",\"description\":\"Where sound and form come together\",\"publisher\":{\"@id\":\"https:\\\/\\\/lumlux-art.com\\\/es\\\/#\\\/schema\\\/person\\\/270de42f2a17ed219c8041ad0b6f2f1e\"},\"potentialAction\":[{\"@type\":\"SearchAction\",\"target\":{\"@type\":\"EntryPoint\",\"urlTemplate\":\"https:\\\/\\\/lumlux-art.com\\\/es\\\/?s={search_term_string}\"},\"query-input\":{\"@type\":\"PropertyValueSpecification\",\"valueRequired\":true,\"valueName\":\"search_term_string\"}}],\"inLanguage\":\"fr-FR\"},{\"@type\":[\"Person\",\"Organization\"],\"@id\":\"https:\\\/\\\/lumlux-art.com\\\/es\\\/#\\\/schema\\\/person\\\/270de42f2a17ed219c8041ad0b6f2f1e\",\"name\":\"lumluxart\",\"image\":{\"@type\":\"ImageObject\",\"inLanguage\":\"fr-FR\",\"@id\":\"https:\\\/\\\/lumlux-art.com\\\/wp-content\\\/uploads\\\/2023\\\/06\\\/apple-touch-icon-144x144-1.png\",\"url\":\"https:\\\/\\\/lumlux-art.com\\\/wp-content\\\/uploads\\\/2023\\\/06\\\/apple-touch-icon-144x144-1.png\",\"contentUrl\":\"https:\\\/\\\/lumlux-art.com\\\/wp-content\\\/uploads\\\/2023\\\/06\\\/apple-touch-icon-144x144-1.png\",\"width\":144,\"height\":144,\"caption\":\"lumluxart\"},\"logo\":{\"@id\":\"https:\\\/\\\/lumlux-art.com\\\/wp-content\\\/uploads\\\/2023\\\/06\\\/apple-touch-icon-144x144-1.png\"},\"sameAs\":[\"https:\\\/\\\/uv03twbzltn.preview.infomaniak.website\",\"https:\\\/\\\/www.facebook.com\\\/LumluxArt\",\"https:\\\/\\\/www.instagram.com\\\/lumluxarts\\\/\",\"https:\\\/\\\/www.linkedin.com\\\/in\\\/frank-de-rop-8a7b3718\\\/\",\"https:\\\/\\\/www.youtube.com\\\/@fdr-sound\",\"https:\\\/\\\/soundcloud.com\\\/fdr-sound\"],\"url\":\"https:\\\/\\\/lumlux-art.com\\\/fr\\\/author\\\/lumluxart\\\/\"}]}<\/script>\n<!-- \/ Yoast SEO Premium plugin. -->","yoast_head_json":{"title":"Le Festin des Dieux by Jan Harmensz van Bijlert - Lumlux Art","description":"Discover the masterpiece 'Le Festin des Dieux' by Jan Harmensz van Bijlert. Explore its context, composition, and impact on art history.","robots":{"index":"index","follow":"follow","max-snippet":"max-snippet:-1","max-image-preview":"max-image-preview:large","max-video-preview":"max-video-preview:-1"},"canonical":"http:\/\/lumlux-art.com\/fr\/le-festin-des-dieux-by-jan-harmensz-van-bijlert\/","og_locale":"fr_FR","og_type":"article","og_title":"Le Festin des Dieux by Jan Harmensz van Bijlert","og_description":"Discover the masterpiece 'Le Festin des Dieux' by Jan Harmensz van Bijlert. Explore its context, composition, and impact on art history.","og_url":"http:\/\/lumlux-art.com\/fr\/le-festin-des-dieux-by-jan-harmensz-van-bijlert\/","og_site_name":"Lumlux Art","article_publisher":"https:\/\/www.facebook.com\/LumluxArt","article_author":"https:\/\/www.facebook.com\/LumluxArt","article_published_time":"2024-08-01T14:34:44+00:00","article_modified_time":"2024-10-28T07:25:02+00:00","og_image":[{"width":963,"height":1024,"url":"http:\/\/lumlux-art.com\/wp-content\/uploads\/2024\/08\/Scherm\u00adafbeelding-2024-08-01-om-16.28.41-963x1024.png","type":"image\/png"}],"author":"lumluxart","twitter_card":"summary_large_image","twitter_misc":{"\u00c9crit par":"lumluxart","Dur\u00e9e de lecture estim\u00e9e":"4 minutes"},"schema":{"@context":"https:\/\/schema.org","@graph":[{"@type":"Article","@id":"http:\/\/lumlux-art.com\/pt\/le-festin-des-dieux-by-jan-harmensz-van-bijlert\/#article","isPartOf":{"@id":"http:\/\/lumlux-art.com\/pt\/le-festin-des-dieux-by-jan-harmensz-van-bijlert\/"},"author":{"name":"lumluxart","@id":"https:\/\/lumlux-art.com\/es\/#\/schema\/person\/270de42f2a17ed219c8041ad0b6f2f1e"},"headline":"Le Festin des Dieux by Jan Harmensz van Bijlert","datePublished":"2024-08-01T14:34:44+00:00","dateModified":"2024-10-28T07:25:02+00:00","mainEntityOfPage":{"@id":"http:\/\/lumlux-art.com\/pt\/le-festin-des-dieux-by-jan-harmensz-van-bijlert\/"},"wordCount":619,"commentCount":0,"publisher":{"@id":"https:\/\/lumlux-art.com\/es\/#\/schema\/person\/270de42f2a17ed219c8041ad0b6f2f1e"},"image":{"@id":"http:\/\/lumlux-art.com\/pt\/le-festin-des-dieux-by-jan-harmensz-van-bijlert\/#primaryimage"},"thumbnailUrl":"https:\/\/lumlux-art.com\/wp-content\/uploads\/2024\/08\/Scherm\u00adafbeelding-2024-08-01-om-16.28.41.png","keywords":["Art","Le Festin des Dieux","The Feast of the Gods"],"articleSection":["Art"],"inLanguage":"fr-FR","potentialAction":[{"@type":"CommentAction","name":"Comment","target":["http:\/\/lumlux-art.com\/pt\/le-festin-des-dieux-by-jan-harmensz-van-bijlert\/#respond"]}]},{"@type":"WebPage","@id":"http:\/\/lumlux-art.com\/pt\/le-festin-des-dieux-by-jan-harmensz-van-bijlert\/","url":"http:\/\/lumlux-art.com\/pt\/le-festin-des-dieux-by-jan-harmensz-van-bijlert\/","name":"Le Festin des Dieux by Jan Harmensz van Bijlert - Lumlux Art","isPartOf":{"@id":"https:\/\/lumlux-art.com\/es\/#website"},"primaryImageOfPage":{"@id":"http:\/\/lumlux-art.com\/pt\/le-festin-des-dieux-by-jan-harmensz-van-bijlert\/#primaryimage"},"image":{"@id":"http:\/\/lumlux-art.com\/pt\/le-festin-des-dieux-by-jan-harmensz-van-bijlert\/#primaryimage"},"thumbnailUrl":"https:\/\/lumlux-art.com\/wp-content\/uploads\/2024\/08\/Scherm\u00adafbeelding-2024-08-01-om-16.28.41.png","datePublished":"2024-08-01T14:34:44+00:00","dateModified":"2024-10-28T07:25:02+00:00","description":"Discover the masterpiece 'Le Festin des Dieux' by Jan Harmensz van Bijlert. Explore its context, composition, and impact on art history.","breadcrumb":{"@id":"http:\/\/lumlux-art.com\/pt\/le-festin-des-dieux-by-jan-harmensz-van-bijlert\/#breadcrumb"},"inLanguage":"fr-FR","potentialAction":[{"@type":"ReadAction","target":["http:\/\/lumlux-art.com\/pt\/le-festin-des-dieux-by-jan-harmensz-van-bijlert\/"]}]},{"@type":"ImageObject","inLanguage":"fr-FR","@id":"http:\/\/lumlux-art.com\/pt\/le-festin-des-dieux-by-jan-harmensz-van-bijlert\/#primaryimage","url":"https:\/\/lumlux-art.com\/wp-content\/uploads\/2024\/08\/Scherm\u00adafbeelding-2024-08-01-om-16.28.41.png","contentUrl":"https:\/\/lumlux-art.com\/wp-content\/uploads\/2024\/08\/Scherm\u00adafbeelding-2024-08-01-om-16.28.41.png","width":2092,"height":2224},{"@type":"BreadcrumbList","@id":"http:\/\/lumlux-art.com\/pt\/le-festin-des-dieux-by-jan-harmensz-van-bijlert\/#breadcrumb","itemListElement":[{"@type":"ListItem","position":1,"name":"Home","item":"https:\/\/lumlux-art.com\/es\/"},{"@type":"ListItem","position":2,"name":"Le Festin des Dieux by Jan Harmensz van Bijlert"}]},{"@type":"WebSite","@id":"https:\/\/lumlux-art.com\/es\/#website","url":"https:\/\/lumlux-art.com\/es\/","name":"Lumlux-Art","description":"L\u00e0 o\u00f9 le son et la forme se rencontrent","publisher":{"@id":"https:\/\/lumlux-art.com\/es\/#\/schema\/person\/270de42f2a17ed219c8041ad0b6f2f1e"},"potentialAction":[{"@type":"SearchAction","target":{"@type":"EntryPoint","urlTemplate":"https:\/\/lumlux-art.com\/es\/?s={search_term_string}"},"query-input":{"@type":"PropertyValueSpecification","valueRequired":true,"valueName":"search_term_string"}}],"inLanguage":"fr-FR"},{"@type":["Person","Organization"],"@id":"https:\/\/lumlux-art.com\/es\/#\/schema\/person\/270de42f2a17ed219c8041ad0b6f2f1e","name":"lumluxart","image":{"@type":"ImageObject","inLanguage":"fr-FR","@id":"https:\/\/lumlux-art.com\/wp-content\/uploads\/2023\/06\/apple-touch-icon-144x144-1.png","url":"https:\/\/lumlux-art.com\/wp-content\/uploads\/2023\/06\/apple-touch-icon-144x144-1.png","contentUrl":"https:\/\/lumlux-art.com\/wp-content\/uploads\/2023\/06\/apple-touch-icon-144x144-1.png","width":144,"height":144,"caption":"lumluxart"},"logo":{"@id":"https:\/\/lumlux-art.com\/wp-content\/uploads\/2023\/06\/apple-touch-icon-144x144-1.png"},"sameAs":["https:\/\/uv03twbzltn.preview.infomaniak.website","https:\/\/www.facebook.com\/LumluxArt","https:\/\/www.instagram.com\/lumluxarts\/","https:\/\/www.linkedin.com\/in\/frank-de-rop-8a7b3718\/","https:\/\/www.youtube.com\/@fdr-sound","https:\/\/soundcloud.com\/fdr-sound"],"url":"https:\/\/lumlux-art.com\/fr\/author\/lumluxart\/"}]}},"_links":{"self":[{"href":"https:\/\/lumlux-art.com\/fr\/wp-json\/wp\/v2\/posts\/5303","targetHints":{"allow":["GET"]}}],"collection":[{"href":"https:\/\/lumlux-art.com\/fr\/wp-json\/wp\/v2\/posts"}],"about":[{"href":"https:\/\/lumlux-art.com\/fr\/wp-json\/wp\/v2\/types\/post"}],"author":[{"embeddable":true,"href":"https:\/\/lumlux-art.com\/fr\/wp-json\/wp\/v2\/users\/233238846"}],"replies":[{"embeddable":true,"href":"https:\/\/lumlux-art.com\/fr\/wp-json\/wp\/v2\/comments?post=5303"}],"version-history":[{"count":5,"href":"https:\/\/lumlux-art.com\/fr\/wp-json\/wp\/v2\/posts\/5303\/revisions"}],"predecessor-version":[{"id":6945,"href":"https:\/\/lumlux-art.com\/fr\/wp-json\/wp\/v2\/posts\/5303\/revisions\/6945"}],"wp:featuredmedia":[{"embeddable":true,"href":"https:\/\/lumlux-art.com\/fr\/wp-json\/wp\/v2\/media\/5306"}],"wp:attachment":[{"href":"https:\/\/lumlux-art.com\/fr\/wp-json\/wp\/v2\/media?parent=5303"}],"wp:term":[{"taxonomy":"category","embeddable":true,"href":"https:\/\/lumlux-art.com\/fr\/wp-json\/wp\/v2\/categories?post=5303"},{"taxonomy":"post_tag","embeddable":true,"href":"https:\/\/lumlux-art.com\/fr\/wp-json\/wp\/v2\/tags?post=5303"}],"curies":[{"name":"wp","href":"https:\/\/api.w.org\/{rel}","templated":true}]}}